{"id":1182,"date":"2017-07-13T12:58:48","date_gmt":"2017-07-13T12:58:48","guid":{"rendered":"http:\/\/inspirare.be\/?p=1182"},"modified":"2019-10-15T08:49:27","modified_gmt":"2019-10-15T08:49:27","slug":"w-e-ecriture-et-mouvement-avec-aude-et-claudia","status":"publish","type":"post","link":"https:\/\/inspirare.be\/index.php\/fr\/2017\/07\/13\/w-e-ecriture-et-mouvement-avec-aude-et-claudia\/","title":{"rendered":"W.E ECRITURE ET MOUVEMENT"},"content":{"rendered":"<h2 style=\"text-align: left;\">avec <a href=\"http:\/\/audelafait.com\">Aude<\/a> et <a href=\"https:\/\/inspirare.be\/index.php\/fr\/presentation\/\">Claudia<\/a><\/h2>\n<p style=\"text-align: left;\"><img decoding=\"async\" loading=\"lazy\" class=\" wp-image-1188 alignleft\" src=\"https:\/\/inspirare.be\/wp-content\/uploads\/2017\/07\/2017-04-07-13.48-200x300.jpg\" alt=\"\" width=\"321\" height=\"481\" srcset=\"https:\/\/inspirare.be\/wp-content\/uploads\/2017\/07\/2017-04-07-13.48-200x300.jpg 200w, https:\/\/inspirare.be\/wp-content\/uploads\/2017\/07\/2017-04-07-13.48.jpg 427w\" sizes=\"(max-width: 321px) 100vw, 321px\" \/>Un temps pour soi et sa cr\u00e9ativit\u00e9 dans un cadre verdoyant. A travers le mouvement en pleine conscience, lib\u00e9rer son corps, se reconnecter \u00e0 soi-m\u00eame, aux autres, \u00e0 l\u2018espace et au temps pour s\u2019immerger dans l\u2019\u00e9criture.<\/p>\n<p style=\"text-align: left;\"><strong>L\u2019objectif<\/strong>&nbsp;:<\/p>\n<p style=\"text-align: left;\">Passer du mouvement (yoga et danse de l\u2019instant) \u00e0 l\u2019\u00e9criture et de l\u2019\u00e9criture au mouvement, dans un va et vient invitant au l\u00e2cher prise. Entrer avec fluidit\u00e9 dans la cr\u00e9ation pour donner forme aux personnages, aux univers et aux r\u00e9cits qui nous habitent (exercices et stimulations litt\u00e9raires).<\/p>\n<p style=\"text-align: left;\"><strong><br \/>\nLieu d\u2019accueil<\/strong>&nbsp;:&nbsp;chambres partag\u00e9es dans une ancienne ferme reconvertie&nbsp;situ\u00e9e aux confins de la Botte du&nbsp;Hainaut (sud de la Belgique), \u00e0 la fronti\u00e8re fran\u00e7aise, dans un exceptionnel \u00e9crin de nature. Yourte, feu de chemin\u00e9e et nourriture vivante adapt\u00e9e \u00e0 nos besoins (v\u00e9g\u00e9tarien ou pas, prenant en compte les intol\u00e9rances alimentaires) le plus bio et local possible.<\/p>\n<p style=\"text-align: left;\">14a, La Pilerie &#8211; 6590 Momignies &#8211; Belgique (co-voiturage possible)<\/p>\n<p style=\"text-align: left;\"><strong>Animatrices<\/strong> : <a href=\"http:\/\/www.audelafait.com\">Aude Lafait<\/a> (\u00e9criture) et <a href=\"https:\/\/inspirare.be\/index.php\/fr\/presentation\/\">Claudia Mendiz\u00e1bal<\/a> (conscience et mouvement)<\/p>\n<p style=\"text-align: left;\"><strong>Le groupe<\/strong>&nbsp;se limite \u00e0 12 personnes.<\/p>\n<p style=\"text-align: left;\"><strong>Dates<\/strong>&nbsp;: du vendredi 10 novembre&nbsp;2017 \u00e0 19h au dimanche 12 novembre 2017 \u00e0 16h.<\/p>\n<p style=\"text-align: left;\"><strong>Tarif<\/strong>&nbsp;: 275 euros tout compris (2 nuit\u00e9es et tous les repas).<\/p>\n<p style=\"text-align: left;\"><strong>Inscription<\/strong>&nbsp;: aude.lafait(at)gmail.com \/&nbsp;+32 494 38 73 76<\/p>\n<p style=\"text-align: left;\">Acompte de 100 euros (non-remboursable) \u00e0 payer avant le 1er novembre 2017.<\/p>\n","protected":false},"excerpt":{"rendered":"<p>avec Aude et Claudia Un temps pour soi et sa cr\u00e9ativit\u00e9 dans un cadre verdoyant. A travers le mouvement en pleine conscience, lib\u00e9rer son corps, se reconnecter \u00e0 soi-m\u00eame, aux autres, \u00e0 l\u2018espace et au temps pour s\u2019immerger dans l\u2019\u00e9criture.<\/p>\n","protected":false},"author":2,"featured_media":0,"comment_status":"open","ping_status":"open","sticky":false,"template":"","format":"standard","meta":[],"categories":[37],"tags":[70,60,68],"jetpack_featured_media_url":"","jetpack_sharing_enabled":true,"jetpack_shortlink":"https:\/\/wp.me\/p8e5ga-j4","jetpack_likes_enabled":true,"_links":{"self":[{"href":"https:\/\/inspirare.be\/index.php\/wp-json\/wp\/v2\/posts\/1182"}],"collection":[{"href":"https:\/\/inspirare.be\/index.php\/wp-json\/wp\/v2\/posts"}],"about":[{"href":"https:\/\/inspirare.be\/index.php\/wp-json\/wp\/v2\/types\/post"}],"author":[{"embeddable":true,"href":"https:\/\/inspirare.be\/index.php\/wp-json\/wp\/v2\/users\/2"}],"replies":[{"embeddable":true,"href":"https:\/\/inspirare.be\/index.php\/wp-json\/wp\/v2\/comments?post=1182"}],"version-history":[{"count":16,"href":"https:\/\/inspirare.be\/index.php\/wp-json\/wp\/v2\/posts\/1182\/revisions"}],"predecessor-version":[{"id":1990,"href":"https:\/\/inspirare.be\/index.php\/wp-json\/wp\/v2\/posts\/1182\/revisions\/1990"}],"wp:attachment":[{"href":"https:\/\/inspirare.be\/index.php\/wp-json\/wp\/v2\/media?parent=1182"}],"wp:term":[{"taxonomy":"category","embeddable":true,"href":"https:\/\/inspirare.be\/index.php\/wp-json\/wp\/v2\/categories?post=1182"},{"taxonomy":"post_tag","embeddable":true,"href":"https:\/\/inspirare.be\/index.php\/wp-json\/wp\/v2\/tags?post=1182"}],"curies":[{"name":"wp","href":"https:\/\/api.w.org\/{rel}","templated":true}]}}