{"id":1493,"date":"2018-01-30T11:56:29","date_gmt":"2018-01-30T11:56:29","guid":{"rendered":"http:\/\/inspirare.be\/?p=1493"},"modified":"2019-10-13T20:26:20","modified_gmt":"2019-10-13T20:26:20","slug":"w-e-escritura-y-movimiento","status":"publish","type":"post","link":"https:\/\/inspirare.be\/index.php\/es\/2018\/01\/30\/w-e-escritura-y-movimiento\/","title":{"rendered":"W.E ESCRITURA Y MOVIMIENTO"},"content":{"rendered":"<h2 style=\"text-align: left;\">con <a href=\"https:\/\/audelafait.com\/a-propos\/\">Aude <\/a> y <a href=\"https:\/\/inspirare.be\/index.php\/fr\/presentation\/\">Claudia<\/a><\/h2>\n<p style=\"text-align: left;\"><img decoding=\"async\" loading=\"lazy\" class=\"wp-image-1494 alignleft\" src=\"https:\/\/inspirare.be\/wp-content\/uploads\/2018\/01\/MG_5522-200x300.jpg\" alt=\"\" width=\"301\" height=\"452\" srcset=\"https:\/\/inspirare.be\/wp-content\/uploads\/2018\/01\/MG_5522-200x300.jpg 200w, https:\/\/inspirare.be\/wp-content\/uploads\/2018\/01\/MG_5522-768x1152.jpg 768w, https:\/\/inspirare.be\/wp-content\/uploads\/2018\/01\/MG_5522-683x1024.jpg 683w\" sizes=\"(max-width: 301px) 100vw, 301px\" \/>Un tiempo para s\u00ed mismo y para la creatividad en un entorno natural. A trav\u00e9s del movimiento en plena consciencia, liberar su cuerpo, reconectarse consigo mismo, con los otros, con el espacio y el tiempo para sumergirse en la escritura.<\/p>\n<p style=\"text-align: left;\"><strong>Objetivo<\/strong>\u00a0:<\/p>\n<p style=\"text-align: left;\">Pasar del movimiento (yoga y danza del instante) a la escritura y de la escritura al movimiento, en un vaiv\u00e9n que permita abandonarse y dejarse llevar. Entrar con fluidez en la creaci\u00f3n para dar forma a los personajes, universos y relatos que nos habitan (ejercicios y estimulaci\u00f3n literaria)<\/p>\n<p style=\"text-align: left;\"><strong>Espacio de acogida:<\/strong> Cuartos compartidos en una antigua granja reconvertida, ubicada en los confines de la Botte du Hainaut (Sud de B\u00e9lgica), cerca de la frontera francesa, en un excepcional entorno verde y natural. Yurta, fuego de chimenea y alimentaci\u00f3n viva adaptada a las necesidades (vegetariana o no, tomando en cuenta las intolerancias alimenticias), lo m\u00e1s bio y local posible.<\/p>\n<p><strong><img decoding=\"async\" loading=\"lazy\" class=\"wp-image-1496 alignright\" src=\"https:\/\/inspirare.be\/wp-content\/uploads\/2018\/01\/mg_5623-200x300.jpg\" alt=\"\" width=\"302\" height=\"452\" srcset=\"https:\/\/inspirare.be\/wp-content\/uploads\/2018\/01\/mg_5623-200x300.jpg 200w, https:\/\/inspirare.be\/wp-content\/uploads\/2018\/01\/mg_5623.jpg 364w\" sizes=\"(max-width: 302px) 100vw, 302px\" \/><\/strong><\/p>\n<p style=\"text-align: left;\">14a, La Pilerie \u2013\u00a06590 Momignies \u2013 Belgique\u00a0(co-voiturage possible)<\/p>\n<p style=\"text-align: left;\"><strong>Animadoras\u00a0<\/strong>: <a href=\"https:\/\/audelafait.com\/a-propos\/\">Aude Lafait<\/a> (escritura) et <a href=\"https:\/\/inspirare.be\/index.php\/fr\/presentation\/\">Claudia Mendiz\u00e1bal<\/a> (consciencia y movimiento)<\/p>\n<p style=\"text-align: left;\"><strong>El grupo\u00a0:<\/strong>\u00a0se limita a 12 personas.<\/p>\n<p style=\"text-align: left;\"><strong>Fechas<\/strong>\u00a0: del viernes 25 de mayo 2018 a las 19h, al domingo 27 a las 16h.<\/p>\n<p style=\"text-align: left;\"><strong>Tarifa<\/strong>\u00a0: 315 euros todo incluido (2 noches y todas las comidas).<\/p>\n<p style=\"text-align: left;\"><strong>Inscripci\u00f3n<\/strong>\u00a0: aude.lafait(at)gmail.com \/ +32 494 38 73 76<\/p>\n<p style=\"text-align: left;\">Anticipo de 150 euros a pagar antes del 1 de mayo 2018.<\/p>\n","protected":false},"excerpt":{"rendered":"<p>con Aude y Claudia Un tiempo para s\u00ed mismo y para la creatividad en un entorno natural. A trav\u00e9s del movimiento en plena consciencia, liberar su cuerpo, reconectarse consigo mismo, con los otros, con el espacio y el tiempo para<\/p>\n","protected":false},"author":2,"featured_media":0,"comment_status":"open","ping_status":"open","sticky":false,"template":"","format":"standard","meta":[],"categories":[39],"tags":[],"jetpack_featured_media_url":"","jetpack_sharing_enabled":true,"jetpack_shortlink":"https:\/\/wp.me\/p8e5ga-o5","jetpack_likes_enabled":true,"_links":{"self":[{"href":"https:\/\/inspirare.be\/index.php\/wp-json\/wp\/v2\/posts\/1493"}],"collection":[{"href":"https:\/\/inspirare.be\/index.php\/wp-json\/wp\/v2\/posts"}],"about":[{"href":"https:\/\/inspirare.be\/index.php\/wp-json\/wp\/v2\/types\/post"}],"author":[{"embeddable":true,"href":"https:\/\/inspirare.be\/index.php\/wp-json\/wp\/v2\/users\/2"}],"replies":[{"embeddable":true,"href":"https:\/\/inspirare.be\/index.php\/wp-json\/wp\/v2\/comments?post=1493"}],"version-history":[{"count":5,"href":"https:\/\/inspirare.be\/index.php\/wp-json\/wp\/v2\/posts\/1493\/revisions"}],"predecessor-version":[{"id":1968,"href":"https:\/\/inspirare.be\/index.php\/wp-json\/wp\/v2\/posts\/1493\/revisions\/1968"}],"wp:attachment":[{"href":"https:\/\/inspirare.be\/index.php\/wp-json\/wp\/v2\/media?parent=1493"}],"wp:term":[{"taxonomy":"category","embeddable":true,"href":"https:\/\/inspirare.be\/index.php\/wp-json\/wp\/v2\/categories?post=1493"},{"taxonomy":"post_tag","embeddable":true,"href":"https:\/\/inspirare.be\/index.php\/wp-json\/wp\/v2\/tags?post=1493"}],"curies":[{"name":"wp","href":"https:\/\/api.w.org\/{rel}","templated":true}]}}