{"id":1773,"date":"2018-09-02T09:15:59","date_gmt":"2018-09-02T09:15:59","guid":{"rendered":"http:\/\/inspirare.be\/?p=1773"},"modified":"2019-10-15T10:11:50","modified_gmt":"2019-10-15T10:11:50","slug":"yoga-enfants-3","status":"publish","type":"post","link":"https:\/\/inspirare.be\/index.php\/fr\/2018\/09\/02\/yoga-enfants-3\/","title":{"rendered":"YOGA ENFANTS"},"content":{"rendered":"<h2 style=\"text-align: left;\">La rentr\u00e9e des petits yogis<\/h2>\n<p><img decoding=\"async\" loading=\"lazy\" class=\"wp-image-1787 alignright\" src=\"https:\/\/inspirare.be\/wp-content\/uploads\/2018\/09\/DSC_0262-300x200.jpg\" alt=\"\" width=\"476\" height=\"317\" \/><\/p>\n<p style=\"text-align: left;\">Un temps pour se d\u00e9tendre, se connecter \u00e0 son corps et \u00e0 ses \u00e9motions.<\/p>\n<p style=\"text-align: left;\">Un temps pour renforcer ses muscles, am\u00e9liorer sa souplesse et naturellement, acqu\u00e9rir une meilleure posture.<\/p>\n<p style=\"text-align: left;\">Un temps pour cultiver sa force int\u00e9rieure, d\u00e9velopper sa concentration et sa confiance.<\/p>\n<p style=\"text-align: left;\">Le samedi 15 septembre c&rsquo;est la rentr\u00e9e et nous sommes au rdv tous les samedis du trimestre de 9h45 \u00e0 10h45.<\/p>\n<p style=\"text-align: left;\">Pour plus d&rsquo;info, <a href=\"https:\/\/inspirare.be\/index.php\/fr\/yoga-enfants\/\">cliquez ici.<\/a><\/p>\n","protected":false},"excerpt":{"rendered":"<p>La rentr\u00e9e des petits yogis Un temps pour se d\u00e9tendre, se connecter \u00e0 son corps et \u00e0 ses \u00e9motions. Un temps pour renforcer ses muscles, am\u00e9liorer sa souplesse et naturellement, acqu\u00e9rir une meilleure posture. Un temps pour cultiver sa force<\/p>\n","protected":false},"author":2,"featured_media":1785,"comment_status":"open","ping_status":"open","sticky":false,"template":"","format":"standard","meta":[],"categories":[37],"tags":[91,88,94],"jetpack_featured_media_url":"https:\/\/inspirare.be\/wp-content\/uploads\/2018\/09\/fullsizeoutput_14064.jpeg","jetpack_sharing_enabled":true,"jetpack_shortlink":"https:\/\/wp.me\/p8e5ga-sB","jetpack_likes_enabled":true,"_links":{"self":[{"href":"https:\/\/inspirare.be\/index.php\/wp-json\/wp\/v2\/posts\/1773"}],"collection":[{"href":"https:\/\/inspirare.be\/index.php\/wp-json\/wp\/v2\/posts"}],"about":[{"href":"https:\/\/inspirare.be\/index.php\/wp-json\/wp\/v2\/types\/post"}],"author":[{"embeddable":true,"href":"https:\/\/inspirare.be\/index.php\/wp-json\/wp\/v2\/users\/2"}],"replies":[{"embeddable":true,"href":"https:\/\/inspirare.be\/index.php\/wp-json\/wp\/v2\/comments?post=1773"}],"version-history":[{"count":33,"href":"https:\/\/inspirare.be\/index.php\/wp-json\/wp\/v2\/posts\/1773\/revisions"}],"predecessor-version":[{"id":2031,"href":"https:\/\/inspirare.be\/index.php\/wp-json\/wp\/v2\/posts\/1773\/revisions\/2031"}],"wp:featuredmedia":[{"embeddable":true,"href":"https:\/\/inspirare.be\/index.php\/wp-json\/wp\/v2\/media\/1785"}],"wp:attachment":[{"href":"https:\/\/inspirare.be\/index.php\/wp-json\/wp\/v2\/media?parent=1773"}],"wp:term":[{"taxonomy":"category","embeddable":true,"href":"https:\/\/inspirare.be\/index.php\/wp-json\/wp\/v2\/categories?post=1773"},{"taxonomy":"post_tag","embeddable":true,"href":"https:\/\/inspirare.be\/index.php\/wp-json\/wp\/v2\/tags?post=1773"}],"curies":[{"name":"wp","href":"https:\/\/api.w.org\/{rel}","templated":true}]}}