{"id":1960,"date":"2019-10-13T20:08:21","date_gmt":"2019-10-13T20:08:21","guid":{"rendered":"http:\/\/inspirare.be\/?p=1960"},"modified":"2019-10-13T20:15:51","modified_gmt":"2019-10-13T20:15:51","slug":"escritura-y-movimiento","status":"publish","type":"post","link":"https:\/\/inspirare.be\/index.php\/es\/2019\/10\/13\/escritura-y-movimiento\/","title":{"rendered":"ESCRITURA Y MOVIMIENTO"},"content":{"rendered":"\n<p>Pr\u00f3ximamente una nueva edici\u00f3n<\/p>\n\n\n\n<p>Un tiempo para s\u00ed mismo y para la creatividad en un entorno natural. A trav\u00e9s del movimiento en plena consciencia, liberar el cuerpo, reconectarse consigo mismo, con los otros, con el espacio y el tiempo para sumergirse en la escritura.<\/p>\n\n\n\n<figure class=\"wp-block-image is-resized\"><img decoding=\"async\" loading=\"lazy\" src=\"https:\/\/inspirare.be\/wp-content\/uploads\/2019\/10\/IMG_8018-1024x683.jpeg\" alt=\"\" class=\"wp-image-1964\" width=\"531\" height=\"353\" srcset=\"https:\/\/inspirare.be\/wp-content\/uploads\/2019\/10\/IMG_8018-1024x683.jpeg 1024w, https:\/\/inspirare.be\/wp-content\/uploads\/2019\/10\/IMG_8018-300x200.jpeg 300w, https:\/\/inspirare.be\/wp-content\/uploads\/2019\/10\/IMG_8018-768x512.jpeg 768w\" sizes=\"(max-width: 531px) 100vw, 531px\" \/><\/figure>\n\n\n\n<p><strong>Objetivo<\/strong>&nbsp;:<\/p>\n\n\n\n<p>Pasar del movimiento (danza del instante) a la escritura y de la escritura al movimiento, en un vaiv\u00e9n que permita abandonarse y dejarse llevar. Entrar con fluidez en la creaci\u00f3n para dar forma a los personajes, universos y relatos que nos habitan (ejercicios y estimulaci\u00f3n literaria)<\/p>\n\n\n\n<p><strong>Animadoras\u00a0<\/strong>:\u00a0<a href=\"https:\/\/audelafait.com\/a-propos\/\">Aude Lafait<\/a>\u00a0(escritura) et\u00a0<a href=\"https:\/\/inspirare.be\/index.php\/fr\/presentation\/\">Claudia Mendiz\u00e1bal<\/a> (consciencia y movimiento)<\/p>\n","protected":false},"excerpt":{"rendered":"<p>Pr\u00f3ximamente una nueva edici\u00f3n Un tiempo para s\u00ed mismo y para la creatividad en un entorno natural. A trav\u00e9s del movimiento en plena consciencia, liberar el cuerpo, reconectarse consigo mismo, con los otros, con el espacio y el tiempo para<\/p>\n","protected":false},"author":2,"featured_media":1334,"comment_status":"open","ping_status":"open","sticky":false,"template":"","format":"standard","meta":[],"categories":[39],"tags":[],"jetpack_featured_media_url":"https:\/\/inspirare.be\/wp-content\/uploads\/2017\/12\/MG_5522.jpg","jetpack_sharing_enabled":true,"jetpack_shortlink":"https:\/\/wp.me\/p8e5ga-vC","jetpack_likes_enabled":true,"_links":{"self":[{"href":"https:\/\/inspirare.be\/index.php\/wp-json\/wp\/v2\/posts\/1960"}],"collection":[{"href":"https:\/\/inspirare.be\/index.php\/wp-json\/wp\/v2\/posts"}],"about":[{"href":"https:\/\/inspirare.be\/index.php\/wp-json\/wp\/v2\/types\/post"}],"author":[{"embeddable":true,"href":"https:\/\/inspirare.be\/index.php\/wp-json\/wp\/v2\/users\/2"}],"replies":[{"embeddable":true,"href":"https:\/\/inspirare.be\/index.php\/wp-json\/wp\/v2\/comments?post=1960"}],"version-history":[{"count":3,"href":"https:\/\/inspirare.be\/index.php\/wp-json\/wp\/v2\/posts\/1960\/revisions"}],"predecessor-version":[{"id":1965,"href":"https:\/\/inspirare.be\/index.php\/wp-json\/wp\/v2\/posts\/1960\/revisions\/1965"}],"wp:featuredmedia":[{"embeddable":true,"href":"https:\/\/inspirare.be\/index.php\/wp-json\/wp\/v2\/media\/1334"}],"wp:attachment":[{"href":"https:\/\/inspirare.be\/index.php\/wp-json\/wp\/v2\/media?parent=1960"}],"wp:term":[{"taxonomy":"category","embeddable":true,"href":"https:\/\/inspirare.be\/index.php\/wp-json\/wp\/v2\/categories?post=1960"},{"taxonomy":"post_tag","embeddable":true,"href":"https:\/\/inspirare.be\/index.php\/wp-json\/wp\/v2\/tags?post=1960"}],"curies":[{"name":"wp","href":"https:\/\/api.w.org\/{rel}","templated":true}]}}